{"id":10236,"date":"2016-12-25T23:10:57","date_gmt":"2016-12-26T02:10:57","guid":{"rendered":"http:\/\/diario5.com.ar\/?p=10236"},"modified":"2016-12-25T23:10:57","modified_gmt":"2016-12-26T02:10:57","slug":"el-cedel-en-barrio-31-incluye-oficina-para-rodriguez-larreta","status":"publish","type":"post","link":"https:\/\/www.diario5.com.ar\/es\/el-cedel-en-barrio-31-incluye-oficina-para-rodriguez-larreta\/","title":{"rendered":"El CEDEL en Barrio 31 incluye oficina para Rodr\u00edguez Larreta"},"content":{"rendered":"<h2 class=\"sub-title-primary\"><\/h2> <figure id=\"attachment_10237\" aria-describedby=\"caption-attachment-10237\" style=\"width: 463px\" class=\"wp-caption alignright\"><img decoding=\"async\" loading=\"lazy\" class=\"wp-image-10237\" src=\"http:\/\/diario5.com.ar\/wp-content\/uploads\/2016\/12\/hrl-cedel.jpg\" alt=\"Larreta tendr\u00e1 oficina en el populoso Barrio 31\" width=\"463\" height=\"306\" srcset=\"https:\/\/www.diario5.com.ar\/wp-content\/uploads\/2016\/12\/hrl-cedel.jpg 884w, https:\/\/www.diario5.com.ar\/wp-content\/uploads\/2016\/12\/hrl-cedel-300x198.jpg 300w, https:\/\/www.diario5.com.ar\/wp-content\/uploads\/2016\/12\/hrl-cedel-768x507.jpg 768w, https:\/\/www.diario5.com.ar\/wp-content\/uploads\/2016\/12\/hrl-cedel-400x264.jpg 400w, https:\/\/www.diario5.com.ar\/wp-content\/uploads\/2016\/12\/hrl-cedel-260x172.jpg 260w, https:\/\/www.diario5.com.ar\/wp-content\/uploads\/2016\/12\/hrl-cedel-160x106.jpg 160w\" sizes=\"(max-width: 463px) 100vw, 463px\" \/><figcaption id=\"caption-attachment-10237\" class=\"wp-caption-text\">Larreta tendr\u00e1 oficina en el populoso Barrio 31<\/figcaption><\/figure>\n<p>Horacio Rodr\u00edguez Larreta, inaugur\u00f3 una oficina en el Barrio 31, en un gesto por intentar dejar lo m\u00e1s atr\u00e1s posible el viejo concepto de villa de peligro que pesaba -y a\u00fan persiste- por parte de cierto sector de la sociedad sobre esa zona de Retiro. Como es costumbre, en estos casos de realizar anuncios de jerarqu\u00eda, estuvieron acompa\u00f1ando al Jefe, su\u00a0vicejefe de Gobierno, Diego Santilli; el ministro de Modernizaci\u00f3n, Innovaci\u00f3n y Tecnolog\u00eda, Andy Freire; el secretario de Integraci\u00f3n Social y Urbana, Diego Fern\u00e1ndez y el secretario de Seguridad de la Naci\u00f3n, Eugenio Burzaco<\/p>\n<p>Se trata de la sede del\u00a0Centro de Desarrollo Emprendedor y Laboral (CEDEL), una isntituci\u00f3n destinada a poder llevar adelante los planes que desde el Gobierno de la Ciudad surjan en pos de la integraci\u00f3n social y urbana de los vecinos de la zona. El Jefe de Gobierno porte\u00f1o habl\u00f3 p\u00fablicamente en la inauguraci\u00f3n, dejando clara su posici\u00f3n acerca de que su gobierno est\u00e1 dando un paso muy importante en su proyecto de integraci\u00f3n de todos los barrios de la Ciudad. Seg\u00fan trascendi\u00f3,\u00a0en el segundo piso edificio, habr\u00e1 una oficina para que en algunos d\u00edas a la semana, Rodr\u00edguez Larreta\u00a0pueda ejercer sus funciones.<\/p>\n<figure id=\"attachment_10238\" aria-describedby=\"caption-attachment-10238\" style=\"width: 453px\" class=\"wp-caption alignleft\"><img decoding=\"async\" loading=\"lazy\" class=\"wp-image-10238\" src=\"http:\/\/diario5.com.ar\/wp-content\/uploads\/2016\/12\/cedel.jpg\" alt=\"Anuncian al CEDEL como un organismo dedicado a la integraci\u00f3n social y urbana\" width=\"453\" height=\"253\" srcset=\"https:\/\/www.diario5.com.ar\/wp-content\/uploads\/2016\/12\/cedel.jpg 1018w, https:\/\/www.diario5.com.ar\/wp-content\/uploads\/2016\/12\/cedel-300x168.jpg 300w, https:\/\/www.diario5.com.ar\/wp-content\/uploads\/2016\/12\/cedel-768x429.jpg 768w, https:\/\/www.diario5.com.ar\/wp-content\/uploads\/2016\/12\/cedel-400x224.jpg 400w, https:\/\/www.diario5.com.ar\/wp-content\/uploads\/2016\/12\/cedel-260x145.jpg 260w, https:\/\/www.diario5.com.ar\/wp-content\/uploads\/2016\/12\/cedel-160x89.jpg 160w\" sizes=\"(max-width: 453px) 100vw, 453px\" \/><figcaption id=\"caption-attachment-10238\" class=\"wp-caption-text\">Anuncian al CEDEL como un organismo dedicado a la integraci\u00f3n social y urbana<\/figcaption><\/figure>\n<p>Un detalle curioso fue conocer por parte del titular del ejecutivo porte\u00f1o que el lugar en que se establecen estas oficinas en \u00abel 31\u00bb, coincide con lo que un epicentro operativo muy fuerte del narcotr\u00e1fico en el \u00e1rea.<\/p>\n<p>La web oficial del GCBA indica que el CEDEL persigue la meta de formalizar la actividad econ\u00f3mica del barrio, fomenta el acceso al trabajo y aspira a empoderar a emprendedores a trav\u00e9s de un asesoramiento con formaci\u00f3n.<\/p>\n<p>&nbsp;<\/p>","protected":false},"excerpt":{"rendered":"<p>Horacio Rodr\u00edguez Larreta, inaugur\u00f3 una oficina en el Barrio 31, en un gesto por intentar dejar lo m\u00e1s atr\u00e1s posible el viejo concepto de villa de peligro que pesaba -y a\u00fan persiste- por parte de cierto sector de la sociedad sobre esa zona de Retiro. Como es costumbre, en estos casos de realizar anuncios de [&hellip;]<\/p>","protected":false},"author":1,"featured_media":10238,"comment_status":"open","ping_status":"open","sticky":false,"template":"","format":"standard","meta":[],"categories":[21],"tags":[],"series":[],"_links":{"self":[{"href":"https:\/\/www.diario5.com.ar\/es\/wp-json\/wp\/v2\/posts\/10236"}],"collection":[{"href":"https:\/\/www.diario5.com.ar\/es\/wp-json\/wp\/v2\/posts"}],"about":[{"href":"https:\/\/www.diario5.com.ar\/es\/wp-json\/wp\/v2\/types\/post"}],"author":[{"embeddable":true,"href":"https:\/\/www.diario5.com.ar\/es\/wp-json\/wp\/v2\/users\/1"}],"replies":[{"embeddable":true,"href":"https:\/\/www.diario5.com.ar\/es\/wp-json\/wp\/v2\/comments?post=10236"}],"version-history":[{"count":1,"href":"https:\/\/www.diario5.com.ar\/es\/wp-json\/wp\/v2\/posts\/10236\/revisions"}],"predecessor-version":[{"id":10239,"href":"https:\/\/www.diario5.com.ar\/es\/wp-json\/wp\/v2\/posts\/10236\/revisions\/10239"}],"wp:featuredmedia":[{"embeddable":true,"href":"https:\/\/www.diario5.com.ar\/es\/wp-json\/wp\/v2\/media\/10238"}],"wp:attachment":[{"href":"https:\/\/www.diario5.com.ar\/es\/wp-json\/wp\/v2\/media?parent=10236"}],"wp:term":[{"taxonomy":"category","embeddable":true,"href":"https:\/\/www.diario5.com.ar\/es\/wp-json\/wp\/v2\/categories?post=10236"},{"taxonomy":"post_tag","embeddable":true,"href":"https:\/\/www.diario5.com.ar\/es\/wp-json\/wp\/v2\/tags?post=10236"},{"taxonomy":"series","embeddable":true,"href":"https:\/\/www.diario5.com.ar\/es\/wp-json\/wp\/v2\/series?post=10236"}],"curies":[{"name":"wp","href":"https:\/\/api.w.org\/{rel}","templated":true}]}}