{"id":10212,"date":"2016-12-24T00:34:19","date_gmt":"2016-12-24T03:34:19","guid":{"rendered":"http:\/\/diario5.com.ar\/?p=10212"},"modified":"2016-12-24T00:37:44","modified_gmt":"2016-12-24T03:37:44","slug":"navidad-solidaria-en-palermo","status":"publish","type":"post","link":"https:\/\/www.diario5.com.ar\/es\/navidad-solidaria-en-palermo\/","title":{"rendered":"Navidad Solidaria en Palermo"},"content":{"rendered":"<h2 class=\"sub-title-primary\"><\/h2> <figure id=\"attachment_10213\" aria-describedby=\"caption-attachment-10213\" style=\"width: 433px\" class=\"wp-caption alignleft\"><img decoding=\"async\" loading=\"lazy\" class=\"wp-image-10213\" src=\"http:\/\/diario5.com.ar\/wp-content\/uploads\/2016\/12\/navidad_solidaria.jpg\" alt=\"Una Navidad diferente en Buenos Aires\" width=\"433\" height=\"389\" srcset=\"https:\/\/www.diario5.com.ar\/wp-content\/uploads\/2016\/12\/navidad_solidaria.jpg 618w, https:\/\/www.diario5.com.ar\/wp-content\/uploads\/2016\/12\/navidad_solidaria-300x270.jpg 300w, https:\/\/www.diario5.com.ar\/wp-content\/uploads\/2016\/12\/navidad_solidaria-400x360.jpg 400w, https:\/\/www.diario5.com.ar\/wp-content\/uploads\/2016\/12\/navidad_solidaria-260x234.jpg 260w, https:\/\/www.diario5.com.ar\/wp-content\/uploads\/2016\/12\/navidad_solidaria-160x144.jpg 160w\" sizes=\"(max-width: 433px) 100vw, 433px\" \/><figcaption id=\"caption-attachment-10213\" class=\"wp-caption-text\">Una Navidad diferente en Buenos Aires<\/figcaption><\/figure>\n<p>Actividades realmente originales se prev\u00e9n en los jardines de La Abad\u00eda, en Gorostiaga 1908, hasta ma\u00f1ana, de 12.00 a 20.00 con exposiciones y conciertos.El acceso se consigue con algo bien conocido y valioso: alimentos no perecederos y juguetes en buen estado.<\/p>\n<p>Hay feria de artesan\u00edas de comunidades originarias, proyecciones, talleres, m\u00fasica en vivo y un \u00e1rbol de Navidad solidario donde pueden acercar alimentos no perecederos y juguetes en buen estado.<\/p>\n<p>Es con entrada libre y gratuita. Las donaciones beneficiar\u00e1n a C\u00e1ritas de la Parroquia Santa Elena, Fundaci\u00f3n Juanito para la protecci\u00f3n de la infancia y la Asociaci\u00f3n Amanecer de Primavera, dedicada a adultos mayores. Las tres instituciones son del barrio de Palermo.<\/p>\n<p>Ayer se proyectaron \u00abInd\u00edgenas de la Argentina\u00bb y \u00abLa voz del viento\u00bb, ambas pel\u00edculas de Paulo Campano.<\/p>\n<p>Hoy se Inaugura la exposici\u00f3n \u00abEs tiempo de Navidad. Devociones populares americanas\u201d.\u00a0Habr\u00e1 un Concierto de la Orquesta \u00abElocuencia Barroca\u00bb, ex\u00e1menes y Tesis de cantantes profesionales de la C\u00e1tedra de M\u00fasica Barroca de la Universidad Nacional de Artes<\/p>\n<p>Ma\u00f1ana a las 14.00 se proyectar\u00e1 el documental \u201cMojos. El pa\u00eds del Agua\u201d De Fundaci\u00f3n de Espa\u00f1a.\u00a0A las 15.00 Nosilatia, la belleza, de Daniela Seggiario.\u00a0Y un concierto a las 17.00, con el Coro polif\u00f3nico de ciegos, dirigido por Osvaldo Manzanelli<\/p>\n<p>Paralelamente, La Abad\u00eda Centro de Arte y Estudios Latinoamericanos tiene abierta la exposici\u00f3n \u00abEs Tiempo de Navidad. Devociones de la Am\u00e9rica Popular\u00bb, con exhibici\u00f3n de nacimientos, pesebres y ni\u00f1os Jes\u00fas de colecciones familiares, con entrada libre y gratuita, hasta el 15 de enero. M\u00e1s informaci\u00f3n acerca de Redes Solidarias en <a href=\"mailto:info@redes-solidarias.org.ar\">info@redes-solidarias.org.ar<\/a> o ingresando a <a href=\"http:\/\/www.redes-solidarias.org.ar\/\" target=\"_blank\">http:\/\/www.redes-solidarias.org.ar\/<\/a><\/p>","protected":false},"excerpt":{"rendered":"<p>Actividades realmente originales se prev\u00e9n en los jardines de La Abad\u00eda, en Gorostiaga 1908, hasta ma\u00f1ana, de 12.00 a 20.00 con exposiciones y conciertos.El acceso se consigue con algo bien conocido y valioso: alimentos no perecederos y juguetes en buen estado. Hay feria de artesan\u00edas de comunidades originarias, proyecciones, talleres, m\u00fasica en vivo y un [&hellip;]<\/p>","protected":false},"author":1,"featured_media":10213,"comment_status":"open","ping_status":"open","sticky":false,"template":"","format":"standard","meta":[],"categories":[21],"tags":[],"series":[],"_links":{"self":[{"href":"https:\/\/www.diario5.com.ar\/es\/wp-json\/wp\/v2\/posts\/10212"}],"collection":[{"href":"https:\/\/www.diario5.com.ar\/es\/wp-json\/wp\/v2\/posts"}],"about":[{"href":"https:\/\/www.diario5.com.ar\/es\/wp-json\/wp\/v2\/types\/post"}],"author":[{"embeddable":true,"href":"https:\/\/www.diario5.com.ar\/es\/wp-json\/wp\/v2\/users\/1"}],"replies":[{"embeddable":true,"href":"https:\/\/www.diario5.com.ar\/es\/wp-json\/wp\/v2\/comments?post=10212"}],"version-history":[{"count":2,"href":"https:\/\/www.diario5.com.ar\/es\/wp-json\/wp\/v2\/posts\/10212\/revisions"}],"predecessor-version":[{"id":10215,"href":"https:\/\/www.diario5.com.ar\/es\/wp-json\/wp\/v2\/posts\/10212\/revisions\/10215"}],"wp:featuredmedia":[{"embeddable":true,"href":"https:\/\/www.diario5.com.ar\/es\/wp-json\/wp\/v2\/media\/10213"}],"wp:attachment":[{"href":"https:\/\/www.diario5.com.ar\/es\/wp-json\/wp\/v2\/media?parent=10212"}],"wp:term":[{"taxonomy":"category","embeddable":true,"href":"https:\/\/www.diario5.com.ar\/es\/wp-json\/wp\/v2\/categories?post=10212"},{"taxonomy":"post_tag","embeddable":true,"href":"https:\/\/www.diario5.com.ar\/es\/wp-json\/wp\/v2\/tags?post=10212"},{"taxonomy":"series","embeddable":true,"href":"https:\/\/www.diario5.com.ar\/es\/wp-json\/wp\/v2\/series?post=10212"}],"curies":[{"name":"wp","href":"https:\/\/api.w.org\/{rel}","templated":true}]}}