{"id":10081,"date":"2016-12-12T22:36:06","date_gmt":"2016-12-13T01:36:06","guid":{"rendered":"http:\/\/diario5.com.ar\/?p=10081"},"modified":"2016-12-13T00:49:28","modified_gmt":"2016-12-13T03:49:28","slug":"el-colon-cierra-con-porgy-and-bess-y-la-transmite-en-directo","status":"publish","type":"post","link":"https:\/\/www.diario5.com.ar\/es\/el-colon-cierra-con-porgy-and-bess-y-la-transmite-en-directo\/","title":{"rendered":"El Col\u00f3n cierra con Porgy and Bess y la transmite en directo"},"content":{"rendered":"<h2 class=\"sub-title-primary\"><\/h2> <figure id=\"attachment_10082\" aria-describedby=\"caption-attachment-10082\" style=\"width: 422px\" class=\"wp-caption alignright\"><img decoding=\"async\" loading=\"lazy\" class=\"wp-image-10082\" src=\"http:\/\/diario5.com.ar\/wp-content\/uploads\/2016\/12\/porgybess.jpg\" alt=\"Porgy and Bess, Teatro Col\u00f3n, 2016\" width=\"422\" height=\"235\" srcset=\"https:\/\/www.diario5.com.ar\/wp-content\/uploads\/2016\/12\/porgybess.jpg 520w, https:\/\/www.diario5.com.ar\/wp-content\/uploads\/2016\/12\/porgybess-300x167.jpg 300w, https:\/\/www.diario5.com.ar\/wp-content\/uploads\/2016\/12\/porgybess-400x222.jpg 400w, https:\/\/www.diario5.com.ar\/wp-content\/uploads\/2016\/12\/porgybess-260x145.jpg 260w, https:\/\/www.diario5.com.ar\/wp-content\/uploads\/2016\/12\/porgybess-160x89.jpg 160w\" sizes=\"(max-width: 422px) 100vw, 422px\" \/><figcaption id=\"caption-attachment-10082\" class=\"wp-caption-text\">Porgy and Bess, Teatro Col\u00f3n, 2016<\/figcaption><\/figure>\n<p>El Teatro Col\u00f3n har\u00e1 un cierre especial de su temporada de \u00d3pera con la transmisi\u00f3n televisiva en directo a trav\u00e9s de su propia web, de Porqy and Bess, de George y Ira Gershwin. Ser\u00e1 la \u00faltima funci\u00f3n de la \u00f3pera Porgy and Bess, con la que, a su vez, se despedir\u00e1 \u00a0la programaci\u00f3n\u00a0l\u00edrica de 2016. El link especial\u00a0es\u00a0<a href=\"http:\/\/www.teatrocolon.org.ar\/es\/en-vivo\" target=\"_blank\">http:\/\/www.teatrocolon.org.ar\/es\/en-vivo<\/a><\/p>\n<p>Con la Direcci\u00f3n Musical de Tim Murray de la interpretaci\u00f3n de la Orquesta Estable del Teatro Col\u00f3n, la direcci\u00f3n de Escena por Christine Crouse, el Dise\u00f1o de Escenograf\u00eda y Vestuario de Michael Mitchell, Dise\u00f1o Coreogr\u00e1fico de Sibonakaliso Ndaba, Dise\u00f1o de Iluminaci\u00f3n por Kobus Rossouw, Coro de La \u00d3pera de Ciudad del Cabo dirigido por Marvin Kernelle, en esta \u00faltima semana (martes 6, mi\u00e9rcoles 7, s\u00e1bado 10 y domingo 11) se sucedieron las funciones de la maravillosa historia original de DuBose Heynard, transformada en \u00f3pera por Gershwin y popularizada en decenas de versiones especiales de varias de sus arias transformadas en canciones, primero en estilos jazz\u00edsticos y posteriormente, desparramadas hacia g\u00e9neros musicales de todo el mundo.<\/p>\n<figure id=\"attachment_10083\" aria-describedby=\"caption-attachment-10083\" style=\"width: 265px\" class=\"wp-caption alignleft\"><img decoding=\"async\" loading=\"lazy\" class=\"wp-image-10083\" src=\"http:\/\/diario5.com.ar\/wp-content\/uploads\/2016\/12\/porgybess-leontyneprice.jpg\" alt=\"porgy&amp;bess-leontyneprice\" width=\"265\" height=\"328\" srcset=\"https:\/\/www.diario5.com.ar\/wp-content\/uploads\/2016\/12\/porgybess-leontyneprice.jpg 236w, https:\/\/www.diario5.com.ar\/wp-content\/uploads\/2016\/12\/porgybess-leontyneprice-160x198.jpg 160w\" sizes=\"(max-width: 265px) 100vw, 265px\" \/><figcaption id=\"caption-attachment-10083\" class=\"wp-caption-text\">Leontyne Price y William Warfield dando vida a historia de la vecindad de Catfish Row<\/figcaption><\/figure>\n<p>En 1992, Revista Cl\u00e1sica mostraba a Leontyne Price y William Warfield rebosantes del inconmensurable orgullo que cualquier artista l\u00edrico de ra\u00edces afro-luisianas alcanza cuando protagoniza esta \u00f3pera. Lo mismo -y la revista lo destacaba en un apartado- ocurr\u00eda con <a href=\"https:\/\/en.wikipedia.org\/wiki\/Barbara_Hendricks\" target=\"_blank\">Barbara Hendricks<\/a>. Todo muy fresco, tanto desde el Met de Nueva York, como desde el Covent Garden de Londres. La versi\u00f3n que se ven\u00eda era la de Peter Mark dirigiendo la Orquesta Estable del Teatro Col\u00f3n, con Carol Rausch al frente del Coro de la Opera de Virginia, el bar\u00edtono Brian Gibson en el rol de Porgy (Stephen Finch en funciones alternadas) y la soprano Theresa Hamm, en el rol de Bess (Elizabeth Graham, como alternativa). Aquella decisi\u00f3n de Sergio Ren\u00e1n se consider\u00f3 memorable, ya que el Col\u00f3n se deb\u00eda una marca gershwiniana en su libro mayor.<\/p>\n<p>Ma\u00f1ana, martes 13 de diciembre de 2016, Porgy and Bess vuelve a generar un aporte hist\u00f3rico a la m\u00e1gica sala de Libertad y Tucum\u00e1n: La funci\u00f3n ser\u00e1 la que clausure la Temporada 2016 de \u00d3pera y tendr\u00e1 como sabroso aditamento que podr\u00e1 ser seguida en directo a trav\u00e9s de cualquier pantalla con conexi\u00f3n a internet desde el portal oficial del teatro. Teatrocolon.org.ar<\/p>","protected":false},"excerpt":{"rendered":"<p>El Teatro Col\u00f3n har\u00e1 un cierre especial de su temporada de \u00d3pera con la transmisi\u00f3n televisiva en directo a trav\u00e9s de su propia web, de Porqy and Bess, de George y Ira Gershwin. Ser\u00e1 la \u00faltima funci\u00f3n de la \u00f3pera Porgy and Bess, con la que, a su vez, se despedir\u00e1 \u00a0la programaci\u00f3n\u00a0l\u00edrica de 2016. [&hellip;]<\/p>","protected":false},"author":3,"featured_media":10083,"comment_status":"open","ping_status":"open","sticky":false,"template":"","format":"standard","meta":[],"categories":[16],"tags":[],"series":[],"_links":{"self":[{"href":"https:\/\/www.diario5.com.ar\/es\/wp-json\/wp\/v2\/posts\/10081"}],"collection":[{"href":"https:\/\/www.diario5.com.ar\/es\/wp-json\/wp\/v2\/posts"}],"about":[{"href":"https:\/\/www.diario5.com.ar\/es\/wp-json\/wp\/v2\/types\/post"}],"author":[{"embeddable":true,"href":"https:\/\/www.diario5.com.ar\/es\/wp-json\/wp\/v2\/users\/3"}],"replies":[{"embeddable":true,"href":"https:\/\/www.diario5.com.ar\/es\/wp-json\/wp\/v2\/comments?post=10081"}],"version-history":[{"count":5,"href":"https:\/\/www.diario5.com.ar\/es\/wp-json\/wp\/v2\/posts\/10081\/revisions"}],"predecessor-version":[{"id":10088,"href":"https:\/\/www.diario5.com.ar\/es\/wp-json\/wp\/v2\/posts\/10081\/revisions\/10088"}],"wp:featuredmedia":[{"embeddable":true,"href":"https:\/\/www.diario5.com.ar\/es\/wp-json\/wp\/v2\/media\/10083"}],"wp:attachment":[{"href":"https:\/\/www.diario5.com.ar\/es\/wp-json\/wp\/v2\/media?parent=10081"}],"wp:term":[{"taxonomy":"category","embeddable":true,"href":"https:\/\/www.diario5.com.ar\/es\/wp-json\/wp\/v2\/categories?post=10081"},{"taxonomy":"post_tag","embeddable":true,"href":"https:\/\/www.diario5.com.ar\/es\/wp-json\/wp\/v2\/tags?post=10081"},{"taxonomy":"series","embeddable":true,"href":"https:\/\/www.diario5.com.ar\/es\/wp-json\/wp\/v2\/series?post=10081"}],"curies":[{"name":"wp","href":"https:\/\/api.w.org\/{rel}","templated":true}]}}