{"id":692594,"date":"2026-04-29T06:52:00","date_gmt":"2026-04-29T09:52:00","guid":{"rendered":"http:\/\/diario5.com.ar\/?p=692594"},"modified":"2026-04-29T06:55:09","modified_gmt":"2026-04-29T09:55:09","slug":"692594","status":"publish","type":"post","link":"http:\/\/www.diario5.com.ar\/es\/692594\/","title":{"rendered":"M\u00e1s paradas fantasma"},"content":{"rendered":"<h2 class=\"sub-title-primary\"><\/h2> <p><img decoding=\"async\" loading=\"lazy\" class=\"alignnone size-full wp-image-697359\" src=\"https:\/\/www.diario5.com.ar\/wp-content\/uploads\/2026\/04\/parada_trapo.jpeg\" alt=\"\" width=\"780\" height=\"1040\" srcset=\"https:\/\/www.diario5.com.ar\/wp-content\/uploads\/2026\/04\/parada_trapo.jpeg 780w, https:\/\/www.diario5.com.ar\/wp-content\/uploads\/2026\/04\/parada_trapo-225x300.jpeg 225w, https:\/\/www.diario5.com.ar\/wp-content\/uploads\/2026\/04\/parada_trapo-768x1024.jpeg 768w\" sizes=\"(max-width: 780px) 100vw, 780px\" \/><\/p>\n<p>Si no hay paradas de colectivo bien claras para ser identificadas, las posibilidades de viajar mal est\u00e1n aseguradas.<\/p>\n<p>En la imagen, se observa que la parada del 84 de la calle Neuqu\u00e9n y Jos\u00e9 Juan Biedma, est\u00e1 tapada con un trapo y camouflada entre las hojas de un \u00e1rbol. Mientras consultaba a vecinos de la zona para ubicar la sofisticada estaci\u00f3n, perd\u00ed dos colectivos. Tuve que esperar, luego, m\u00e1s de 20 minutos el coche siguiente, cuando -si la parada hubiera estado f\u00e1cilmente accesible- bien odr\u00eda haberse evitado tales molestia, incomodidad y retraso.<\/p>\n<p>En la vida urbana, el uso del transporte p\u00fablico no se ci\u00f1e a subir y bajar en las paradas innecesariamente ostentosas de los Metrobus.<\/p>\n<p>Siguen existiendo centenares de puntos de la Ciudad de Buenos Aires en los que hay que adivinar d\u00f3nde se puede subir a un bondi.<\/p>\n<p>Algo que ning\u00fan funcionario del GCBA ni legislador de CABA conoce, porque jam\u00e1s suben a un colectivo. De ah\u00ed a la imposibilidad de solucionar este flagelo, hay un paso.<\/p>\n<p>Calidad de vida en retroceso permanente, sin dudas.<br \/>\n<!--googleoff: index--><br \/>\n<!--googleon: index--><br \/>\n<img decoding=\"async\" src=\"https:\/\/img.kiosko.net\/2026\/04\/29\/ar\/la_capital.jpg\" \/><\/p>\n<p><img decoding=\"async\" src=\"https:\/\/img.kiosko.net\/2026\/04\/29\/ar\/ar_nueva_provincia.jpg\" \/><\/p>\n<p><img decoding=\"async\" loading=\"lazy\" class=\"aligncenter size-full wp-image-697363\" src=\"https:\/\/www.diario5.com.ar\/wp-content\/uploads\/2026\/04\/ar_ancasti20260429.jpg\" width=\"700\" height=\"949\" srcset=\"https:\/\/www.diario5.com.ar\/wp-content\/uploads\/2026\/04\/ar_ancasti20260429.jpg 700w, https:\/\/www.diario5.com.ar\/wp-content\/uploads\/2026\/04\/ar_ancasti20260429-221x300.jpg 221w\" sizes=\"(max-width: 700px) 100vw, 700px\" \/><\/p>\n<p><img decoding=\"async\" src=\"https:\/\/img.kiosko.net\/2026\/04\/29\/ar\/ar_esquiu.jpg\" \/><\/p>\n<p><img decoding=\"async\" src=\"https:\/\/img.kiosko.net\/2026\/04\/29\/ar\/ar_diario_norte.jpg\" \/><\/p>\n<p><img decoding=\"async\" loading=\"lazy\" class=\"aligncenter size-full wp-image-697364\" src=\"https:\/\/www.diario5.com.ar\/wp-content\/uploads\/2026\/04\/voz_chaco20260429.jpg\" width=\"700\" height=\"852\" srcset=\"https:\/\/www.diario5.com.ar\/wp-content\/uploads\/2026\/04\/voz_chaco20260429.jpg 700w, https:\/\/www.diario5.com.ar\/wp-content\/uploads\/2026\/04\/voz_chaco20260429-246x300.jpg 246w\" sizes=\"(max-width: 700px) 100vw, 700px\" \/><\/p>\n<p><img decoding=\"async\" src=\"https:\/\/img.kiosko.net\/2026\/04\/29\/ar\/ar_diario_madryn.jpg\" \/><\/p>\n<p><img decoding=\"async\" src=\"https:\/\/img.kiosko.net\/2026\/04\/29\/ar\/ar_laprensa.jpg\" \/><\/p>\n<p><img decoding=\"async\" loading=\"lazy\" class=\"aligncenter size-full wp-image-697365\" src=\"https:\/\/www.diario5.com.ar\/wp-content\/uploads\/2026\/04\/ar_cronista20260429.jpg\" width=\"700\" height=\"1000\" srcset=\"https:\/\/www.diario5.com.ar\/wp-content\/uploads\/2026\/04\/ar_cronista20260429.jpg 700w, https:\/\/www.diario5.com.ar\/wp-content\/uploads\/2026\/04\/ar_cronista20260429-210x300.jpg 210w\" sizes=\"(max-width: 700px) 100vw, 700px\" \/><\/p>\n<p><img decoding=\"async\" src=\"https:\/\/img.kiosko.net\/2026\/04\/29\/ar\/buenosaires_economico.jpg\" \/><\/p>\n<p><img decoding=\"async\" src=\"https:\/\/img.kiosko.net\/2026\/04\/29\/ar\/ar_perfil.jpg\" \/><\/p>\n<p><img decoding=\"async\" loading=\"lazy\" class=\"aligncenter size-full wp-image-697366\" src=\"https:\/\/www.diario5.com.ar\/wp-content\/uploads\/2026\/04\/ar_eldia20260429.jpg\" width=\"700\" height=\"1034\" srcset=\"https:\/\/www.diario5.com.ar\/wp-content\/uploads\/2026\/04\/ar_eldia20260429.jpg 700w, https:\/\/www.diario5.com.ar\/wp-content\/uploads\/2026\/04\/ar_eldia20260429-203x300.jpg 203w, https:\/\/www.diario5.com.ar\/wp-content\/uploads\/2026\/04\/ar_eldia20260429-693x1024.jpg 693w\" sizes=\"(max-width: 700px) 100vw, 700px\" \/><\/p>\n<p><img decoding=\"async\" src=\"https:\/\/img.kiosko.net\/2026\/04\/29\/ar\/ar_hoy.jpg\" \/><\/p>\n<p><img decoding=\"async\" src=\"https:\/\/img.kiosko.net\/2026\/04\/29\/ar\/ar_democracia.jpg\" \/><\/p>\n<p><img decoding=\"async\" loading=\"lazy\" class=\"aligncenter size-full wp-image-697367\" src=\"https:\/\/www.diario5.com.ar\/wp-content\/uploads\/2026\/04\/ar_chubut20260429.jpg\" width=\"700\" height=\"880\" srcset=\"https:\/\/www.diario5.com.ar\/wp-content\/uploads\/2026\/04\/ar_chubut20260429.jpg 700w, https:\/\/www.diario5.com.ar\/wp-content\/uploads\/2026\/04\/ar_chubut20260429-239x300.jpg 239w\" sizes=\"(max-width: 700px) 100vw, 700px\" \/><\/p>\n<p><img decoding=\"async\" src=\"https:\/\/img.kiosko.net\/2026\/04\/29\/ar\/ar_epoca.jpg\" \/><\/p>\n<p><img decoding=\"async\" src=\"https:\/\/img.kiosko.net\/2026\/04\/29\/ar\/ar_litoral.jpg\" \/><\/p>\n<p><img decoding=\"async\" src=\"https:\/\/img.kiosko.net\/2026\/04\/29\/ar\/ar_heraldo.jpg\" \/><\/p>\n<p><img decoding=\"async\" src=\"https:\/\/img.kiosko.net\/2026\/04\/29\/ar\/ar_manana_formosa.jpg\" \/><\/p>\n<p><img decoding=\"async\" src=\"https:\/\/img.kiosko.net\/2026\/04\/29\/ar\/ar_diario_pampa.jpg\" \/><\/p>\n<p><img decoding=\"async\" src=\"https:\/\/img.kiosko.net\/2026\/04\/29\/ar\/ar_pagina12.jpg\" \/><\/p>\n<p><img decoding=\"async\" src=\"https:\/\/img.kiosko.net\/2026\/04\/29\/ar\/ar_arena.jpg\" \/><\/p>\n<p><img decoding=\"async\" src=\"https:\/\/img.kiosko.net\/2026\/04\/29\/ar\/independiente.jpg\" \/><\/p>\n<p><img decoding=\"async\" src=\"https:\/\/img.kiosko.net\/2026\/04\/29\/ar\/nueva_rioja.jpg\" \/><\/p>\n<p><img decoding=\"async\" src=\"https:\/\/img.kiosko.net\/2026\/04\/29\/ar\/ar_losandes.jpg\" \/><\/p>\n<p><img decoding=\"async\" src=\"https:\/\/img.kiosko.net\/2026\/04\/29\/ar\/ar_tribuno.jpg\" \/><\/p>\n<p><img decoding=\"async\" src=\"https:\/\/img.kiosko.net\/2026\/04\/29\/ar\/lea.jpg\" \/><\/p>\n<p><img decoding=\"async\" src=\"https:\/\/img.kiosko.net\/2026\/04\/29\/ar\/ar_nuevo_diario.jpg\" \/><\/p>\n<p><img decoding=\"async\" src=\"https:\/\/img.kiosko.net\/2026\/04\/29\/ar\/ar_diario_cuyo.jpg\" \/><\/p>\n<p><img decoding=\"async\" src=\"https:\/\/img.kiosko.net\/2026\/04\/29\/ar\/huarpe.jpg\" \/><\/p>\n<p><img decoding=\"async\" src=\"https:\/\/img.kiosko.net\/2026\/04\/29\/ar\/ar_diario_republica.jpg\" \/><\/p>\n<p><img decoding=\"async\" src=\"https:\/\/img.kiosko.net\/2026\/04\/29\/ar\/ar_litoral_sfe.jpg\" \/><\/p>\n<p><img decoding=\"async\" src=\"https:\/\/img.kiosko.net\/2026\/04\/29\/ar\/ciudadano.jpg\" \/><\/p>\n<p><img decoding=\"async\" src=\"https:\/\/img.kiosko.net\/2026\/04\/29\/ar\/ar_mirador_provincial.jpg\" \/><\/p>\n<p><img decoding=\"async\" src=\"https:\/\/img.kiosko.net\/2026\/04\/29\/ar\/ar_gaceta.jpg\" \/><\/p>\n<p><img decoding=\"async\" src=\"https:\/\/img.kiosko.net\/2026\/04\/29\/ar\/ar_cronica.jpg\" \/><\/p>\n<p><img decoding=\"async\" src=\"https:\/\/img.kiosko.net\/2026\/04\/29\/ar\/ar_clarin.jpg\" \/><\/p>\n<p><img decoding=\"async\" loading=\"lazy\" class=\"aligncenter size-full wp-image-697368\" src=\"https:\/\/www.diario5.com.ar\/wp-content\/uploads\/2026\/04\/nacion20260429.jpg\" width=\"700\" height=\"1081\" srcset=\"https:\/\/www.diario5.com.ar\/wp-content\/uploads\/2026\/04\/nacion20260429.jpg 700w, https:\/\/www.diario5.com.ar\/wp-content\/uploads\/2026\/04\/nacion20260429-194x300.jpg 194w, https:\/\/www.diario5.com.ar\/wp-content\/uploads\/2026\/04\/nacion20260429-663x1024.jpg 663w\" sizes=\"(max-width: 700px) 100vw, 700px\" \/><\/p>\n<p><img decoding=\"async\" src=\"https:\/\/img.kiosko.net\/2026\/04\/29\/ar\/ar_eco.jpg\" \/><\/p>\n<p><img decoding=\"async\" src=\"https:\/\/img.kiosko.net\/2026\/04\/29\/ar\/nuevo_diario.jpg\" \/><\/p>\n<p><img decoding=\"async\" src=\"https:\/\/img.kiosko.net\/2026\/04\/29\/ar\/sureno.jpg\" \/><\/p>\n<p><img decoding=\"async\" loading=\"lazy\" class=\"aligncenter size-full wp-image-697363\" src=\"https:\/\/www.diario5.com.ar\/wp-content\/uploads\/2026\/04\/ar_ancasti20260429.jpg\" width=\"700\" height=\"949\" srcset=\"https:\/\/www.diario5.com.ar\/wp-content\/uploads\/2026\/04\/ar_ancasti20260429.jpg 700w, https:\/\/www.diario5.com.ar\/wp-content\/uploads\/2026\/04\/ar_ancasti20260429-221x300.jpg 221w\" sizes=\"(max-width: 700px) 100vw, 700px\" \/><\/p>\n<p><img decoding=\"async\" src=\"https:\/\/img.kiosko.net\/2026\/04\/29\/ar\/tiempo_sur.jpg\" \/><\/p>\n<p><img decoding=\"async\" src=\"https:\/\/img.kiosko.net\/2026\/04\/29\/uy\/ar\/tiempo_argentino.jpg\" \/><\/p>\n<p><img decoding=\"async\" src=\"https:\/\/img.kiosko.net\/2026\/04\/29\/ar\/ar_epoca.jpg\" \/><\/p>\n<p><img decoding=\"async\" src=\"https:\/\/img.kiosko.net\/2026\/04\/29\/ar\/ar_elsol.jpg\" \/><\/p>\n<p><img decoding=\"async\" src=\"https:\/\/img.kiosko.net\/2026\/04\/29\/ar\/ar_01.jpg\" \/><\/p>\n<p><img decoding=\"async\" src=\"https:\/\/img.kiosko.net\/2026\/04\/29\/ar\/ar_02.jpg\" \/><\/p>\n<p><img decoding=\"async\" src=\"https:\/\/img.kiosko.net\/2026\/04\/29\/ar\/ar_03.jpg\" \/><\/p>\n<p><img decoding=\"async\" src=\"https:\/\/img.kiosko.net\/2026\/04\/29\/ar\/ar_04.jpg\" \/><\/p>\n<p><img decoding=\"async\" src=\"https:\/\/img.kiosko.net\/2026\/04\/29\/ar\/ar_05.jpg\" \/><\/p>\n<p>&nbsp;<\/p>","protected":false},"excerpt":{"rendered":"<p>Si no hay paradas de colectivo bien claras para ser identificadas, las posibilidades de viajar mal est\u00e1n aseguradas. En la imagen, se observa que la parada del 84 de la calle Neuqu\u00e9n y Jos\u00e9 Juan Biedma, est\u00e1 tapada con un trapo y camouflada entre las hojas de un \u00e1rbol. Mientras consultaba a vecinos de la [&hellip;]<\/p>","protected":false},"author":2,"featured_media":697359,"comment_status":"open","ping_status":"open","sticky":false,"template":"","format":"standard","meta":[],"categories":[482,2406,56,25],"tags":[474,2065,4426,630,87,3802,1631,2913,3704,4403,3356,929,3061],"series":[],"_links":{"self":[{"href":"http:\/\/www.diario5.com.ar\/es\/wp-json\/wp\/v2\/posts\/692594"}],"collection":[{"href":"http:\/\/www.diario5.com.ar\/es\/wp-json\/wp\/v2\/posts"}],"about":[{"href":"http:\/\/www.diario5.com.ar\/es\/wp-json\/wp\/v2\/types\/post"}],"author":[{"embeddable":true,"href":"http:\/\/www.diario5.com.ar\/es\/wp-json\/wp\/v2\/users\/2"}],"replies":[{"embeddable":true,"href":"http:\/\/www.diario5.com.ar\/es\/wp-json\/wp\/v2\/comments?post=692594"}],"version-history":[{"count":3,"href":"http:\/\/www.diario5.com.ar\/es\/wp-json\/wp\/v2\/posts\/692594\/revisions"}],"predecessor-version":[{"id":697362,"href":"http:\/\/www.diario5.com.ar\/es\/wp-json\/wp\/v2\/posts\/692594\/revisions\/697362"}],"wp:featuredmedia":[{"embeddable":true,"href":"http:\/\/www.diario5.com.ar\/es\/wp-json\/wp\/v2\/media\/697359"}],"wp:attachment":[{"href":"http:\/\/www.diario5.com.ar\/es\/wp-json\/wp\/v2\/media?parent=692594"}],"wp:term":[{"taxonomy":"category","embeddable":true,"href":"http:\/\/www.diario5.com.ar\/es\/wp-json\/wp\/v2\/categories?post=692594"},{"taxonomy":"post_tag","embeddable":true,"href":"http:\/\/www.diario5.com.ar\/es\/wp-json\/wp\/v2\/tags?post=692594"},{"taxonomy":"series","embeddable":true,"href":"http:\/\/www.diario5.com.ar\/es\/wp-json\/wp\/v2\/series?post=692594"}],"curies":[{"name":"wp","href":"https:\/\/api.w.org\/{rel}","templated":true}]}}